{"id":1084,"date":"2022-01-03T12:42:13","date_gmt":"2022-01-03T15:42:13","guid":{"rendered":"https:\/\/difusionsivi.ufro.cl\/?p=1084"},"modified":"2022-01-06T12:35:31","modified_gmt":"2022-01-06T15:35:31","slug":"sivi-muestra-sus-avances-a-facultad-de-ingenieria-y-ciencias","status":"publish","type":"post","link":"https:\/\/difusionsivi.ufro.cl\/?p=1084","title":{"rendered":"SIVI muestra sus avances a Facultad de Ingenier\u00eda y Ciencias"},"content":{"rendered":"\t\t<div data-elementor-type=\"wp-post\" data-elementor-id=\"1084\" class=\"elementor elementor-1084\" data-elementor-settings=\"[]\">\n\t\t\t\t\t\t\t<div class=\"elementor-section-wrap\">\n\t\t\t\t\t\t\t<section class=\"elementor-section elementor-top-section elementor-element elementor-element-c32f3a2 elementor-section-height-min-height elementor-section-boxed elementor-section-height-default elementor-section-items-middle\" data-id=\"c32f3a2\" data-element_type=\"section\">\n\t\t\t\t\t\t<div class=\"elementor-container elementor-column-gap-default\">\n\t\t\t\t\t<div class=\"elementor-column elementor-col-100 elementor-top-column elementor-element elementor-element-7c2df60\" data-id=\"7c2df60\" data-element_type=\"column\">\n\t\t\t<div class=\"elementor-widget-wrap\">\n\t\t\t\t\t\t\t\t\t<\/div>\n\t\t<\/div>\n\t\t\t\t\t\t\t<\/div>\n\t\t<\/section>\n\t\t\t\t<section class=\"elementor-section elementor-top-section elementor-element elementor-element-dced1fd elementor-section-height-min-height elementor-section-boxed elementor-section-height-default elementor-section-items-middle\" data-id=\"dced1fd\" data-element_type=\"section\">\n\t\t\t\t\t\t<div class=\"elementor-container elementor-column-gap-no\">\n\t\t\t\t\t<div class=\"elementor-column elementor-col-100 elementor-top-column elementor-element elementor-element-a6ca26b\" data-id=\"a6ca26b\" data-element_type=\"column\">\n\t\t\t<div class=\"elementor-widget-wrap elementor-element-populated\">\n\t\t\t\t\t\t\t\t<div class=\"elementor-element elementor-element-1938f2c elementor-widget elementor-widget-image\" data-id=\"1938f2c\" data-element_type=\"widget\" data-widget_type=\"image.default\">\n\t\t\t\t<div class=\"elementor-widget-container\">\n\t\t\t\t\t\t\t\t\t\t\t\t\t\t\t\t<a href=\"https:\/\/difusionsivi.ufro.cl\/wp-content\/uploads\/2022\/01\/FOTOFICA-scaled.jpg\" data-elementor-open-lightbox=\"yes\" data-elementor-lightbox-title=\"FOTOFICA\">\n\t\t\t\t\t\t\t<img width=\"768\" height=\"576\" src=\"https:\/\/difusionsivi.ufro.cl\/wp-content\/uploads\/2022\/01\/FOTOFICA-768x576.jpg\" class=\"attachment-medium_large size-medium_large\" alt=\"\" loading=\"lazy\" srcset=\"https:\/\/difusionsivi.ufro.cl\/wp-content\/uploads\/2022\/01\/FOTOFICA-768x576.jpg 768w, https:\/\/difusionsivi.ufro.cl\/wp-content\/uploads\/2022\/01\/FOTOFICA-300x225.jpg 300w, https:\/\/difusionsivi.ufro.cl\/wp-content\/uploads\/2022\/01\/FOTOFICA-1024x768.jpg 1024w, https:\/\/difusionsivi.ufro.cl\/wp-content\/uploads\/2022\/01\/FOTOFICA-1536x1152.jpg 1536w, https:\/\/difusionsivi.ufro.cl\/wp-content\/uploads\/2022\/01\/FOTOFICA-2048x1536.jpg 2048w\" sizes=\"(max-width: 768px) 100vw, 768px\" \/>\t\t\t\t\t\t\t\t<\/a>\n\t\t\t\t\t\t\t\t\t\t\t\t\t\t\t<\/div>\n\t\t\t\t<\/div>\n\t\t\t\t\t<\/div>\n\t\t<\/div>\n\t\t\t\t\t\t\t<\/div>\n\t\t<\/section>\n\t\t\t\t<section class=\"elementor-section elementor-top-section elementor-element elementor-element-1432bae elementor-section-boxed elementor-section-height-default elementor-section-height-default\" data-id=\"1432bae\" data-element_type=\"section\">\n\t\t\t\t\t\t<div class=\"elementor-container elementor-column-gap-default\">\n\t\t\t\t\t<div class=\"elementor-column elementor-col-100 elementor-top-column elementor-element elementor-element-48ca3ba\" data-id=\"48ca3ba\" data-element_type=\"column\">\n\t\t\t<div class=\"elementor-widget-wrap elementor-element-populated\">\n\t\t\t\t\t\t\t\t<div class=\"elementor-element elementor-element-f4d2a9d elementor-widget elementor-widget-text-editor\" data-id=\"f4d2a9d\" data-element_type=\"widget\" data-widget_type=\"text-editor.default\">\n\t\t\t\t<div class=\"elementor-widget-container\">\n\t\t\t\t\t\t\t\t\t\t\t\t\t<\/div>\n\t\t\t\t<\/div>\n\t\t\t\t\t<\/div>\n\t\t<\/div>\n\t\t\t\t\t\t\t<\/div>\n\t\t<\/section>\n\t\t\t\t<section class=\"elementor-section elementor-top-section elementor-element elementor-element-4f3301e elementor-section-boxed elementor-section-height-default elementor-section-height-default\" data-id=\"4f3301e\" data-element_type=\"section\">\n\t\t\t\t\t\t<div class=\"elementor-container elementor-column-gap-default\">\n\t\t\t\t\t<div class=\"elementor-column elementor-col-100 elementor-top-column elementor-element elementor-element-1f01489\" data-id=\"1f01489\" data-element_type=\"column\">\n\t\t\t<div class=\"elementor-widget-wrap elementor-element-populated\">\n\t\t\t\t\t\t\t\t<div class=\"elementor-element elementor-element-a73909e elementor-widget elementor-widget-text-editor\" data-id=\"a73909e\" data-element_type=\"widget\" data-widget_type=\"text-editor.default\">\n\t\t\t\t<div class=\"elementor-widget-container\">\n\t\t\t\t\t\t\t<p><i><span lang=\"ES-TRAD\">Con la presencia de la directora de Vinculaci\u00f3n con el Medio, Dra. Paola Olave y el Decano de la Facultad Dr. Jorge Far\u00edas, se desarroll\u00f3 una reuni\u00f3n donde se exhibieron los avances del Sistema Inform\u00e1tico de Vinculaci\u00f3n con el Medio, SIVI.<\/span><\/i><\/p>\n<p><b><span lang=\"ES-TRAD\">Funcionalidades y p\u00e1gina web de difusi\u00f3n<\/span><\/b><\/p>\n<p style=\"text-align:justify\"><br><\/p>\n<p><\/p>\n<p style=\"text-align:justify\"><span lang=\"ES\">&nbsp;<\/span><span style=\"color: var( --e-global-color-text );\">A las dependencias de FICA (Facultad de Ingenier\u00eda y Ciencias) se traslad\u00f3 la\ndirectora ejecutiva del proyecto SIVI Dra. Paola Olave, y los integrantes del equipo de trabajo, con el fin de mostrar los progresos de la iniciativa inform\u00e1tica y de\ncomunicaci\u00f3n bidireccional.<\/span><\/p>\n\n<p style=\"text-align:justify\"><span lang=\"ES\">Estuvo a cargo de presentar el proyecto a los interlocutores de la facultad,\nel ingeniero Ricardo Medina, coordinador del proyecto SIVI, quien destac\u00f3 lo\nfundamental que es la participaci\u00f3n de las distintas facultades de la universidad.\nLa invitaci\u00f3n fue a que se involucren y participen en \u00e9l, para que SIVI logre\nser parte de la cultura organizacional de la UFRO; adem\u00e1s, se dio a conocer la\np\u00e1gina de difusi\u00f3n de la iniciativa <\/span><a href=\"http:\/\/www.difusionsivi.ufro.cl\/\"><i><span lang=\"ES\">www.difusionsivi.ufro.cl<\/span><\/i><\/a><span lang=\"ES\"> plataforma virtual donde cualquier\npersona con inter\u00e9s puede informarse de las prestaciones y beneficios del Sistema\nInform\u00e1tico de Vinculaci\u00f3n con el medio, SIVI.<o:p><\/o:p><\/span><\/p>\n\n<p style=\"text-align:justify\"><span lang=\"ES\">En la p\u00e1gina referida se pueden ver las funcionalidades para los usuarios\nUFRO, as\u00ed como tambi\u00e9n las utilidades disponibles para personas u\norganizaciones externas a la universidad.<o:p><\/o:p><\/span><\/p>\n\n<p style=\"text-align:justify\"><span lang=\"ES\">Para usar la plataforma y poder ocupar las nuevas herramientas que ofrece\nSIVI, funcionarios, acad\u00e9micos y estudiantes UFRO podr\u00e1n tener acceso desde la\nmisma intranet de la instituci\u00f3n. En este nuevo espacio virtual los usuarios podr\u00e1n\nregistrar sus investigaciones y las diversas actividades de vinculaci\u00f3n que\nrealicen, adem\u00e1s de acceder a otras acciones relevantes que servir\u00e1n como\nindicadores de registro. Y para los socios, colaborados, comunidad externa en\ngeneral, se podr\u00e1 acceder a trav\u00e9s de un registro en la que se podr\u00e1 entre\notras gestiones: visualizar proyectos, realizar trabajo colaborativo, acceder a\nboleter\u00eda online, solicitud de practicantes, y otras variadas prestaciones de\nvinculaci\u00f3n.<o:p><\/o:p><\/span><\/p>\n\n<p style=\"text-align:justify\"><span lang=\"ES\">Respecto de la presentaci\u00f3n el Decano de la Facultad de Ingenier\u00eda y\nCiencias, Jorge Far\u00edas se\u00f1al\u00f3 \u201cEsta es una iniciativa muy interesante ya que va\na ayudar en cuanto a indicadores de Vinculaci\u00f3n con el Medio y nos permite\ntener evidencia de lo que se hace. Para nosotros como facultad y como\nuniversidad, es un impulso inmensamente relevante\u201d.<o:p><\/o:p><\/span><\/p>\n\n<p style=\"text-align:justify\"><span lang=\"ES\">De igual manera la Directora de Vinculaci\u00f3n con el Medio, Dra. Paola Olave\nIndic\u00f3 <\/span><span style=\"background-image: initial; background-position: initial; background-size: initial; background-repeat: initial; background-attachment: initial; background-origin: initial; background-clip: initial;\">\u201cLa plataforma SIVI es una herramienta que viene\na resolver algunos temas, como por ejemplo las brechas de registro de\nVinculaci\u00f3n con el Medio. A la vez, viene a digitalizar los procesos de gesti\u00f3n\nuniversitaria y de Formaci\u00f3n Continua. Y como Vinculaci\u00f3n con el Medio se hace\nen todas las unidades acad\u00e9micas de la Universidad, es una herramienta\nfacilitadora para acad\u00e9micos, funcionarios y estudiantes. Externamente,\npromueve el trabajo en conjunto y colaborativo con alianzas estrat\u00e9gicas,\nquienes podr\u00e1n conocer el quehacer de la Universidad, para lo cual s\u00f3lo\nrequerir\u00e1n registrarse como usuario externo, y as\u00ed, podr\u00e1n informarse en los\n\u00e1mbitos de su inter\u00e9s, obtener informaci\u00f3n que desde ahora ser\u00e1 p\u00fablica, y\nadem\u00e1s, podr\u00e1n saber con qui\u00e9n contactarse si as\u00ed lo necesitan\u201d.<\/span><span lang=\"ES\"><o:p><\/o:p><\/span><\/p>\n\n<p style=\"text-align:justify\"><span lang=\"ES\">Se\u00f1alar que el sistema SIVI es una iniciativa in\u00e9dita en la regi\u00f3n, que\nespera ser un puente de comunicaci\u00f3n directo entre UFRO y la comunidad en la\nque est\u00e1 inserta, cumpliendo de \u00e9sta forma con una de las misiones de la instituci\u00f3n\nde educaci\u00f3n superior que es aportar al desarrollo regional. En esta misma\nl\u00ednea SIVI responde a la etapa de modernizaci\u00f3n y digitalizaci\u00f3n de procesos en\nla que se encuentra la universidad.<\/span><\/p>\t\t\t\t\t\t<\/div>\n\t\t\t\t<\/div>\n\t\t\t\t\t<\/div>\n\t\t<\/div>\n\t\t\t\t\t\t\t<\/div>\n\t\t<\/section>\n\t\t\t\t\t\t<\/div>\n\t\t\t\t\t<\/div>\n\t\t","protected":false},"excerpt":{"rendered":"<p>Con la presencia de la directora de Vinculaci\u00f3n con el Medio, Dra. Paola Olave y el Decano de la Facultad Dr. Jorge Far\u00edas, se desarroll\u00f3 una reuni\u00f3n donde se exhibieron los avances del Sistema Inform\u00e1tico de Vinculaci\u00f3n con el Medio, SIVI. Funcionalidades y p\u00e1gina web de difusi\u00f3n &nbsp;A las dependencias de FICA (Facultad de Ingenier\u00eda [&hellip;]<\/p>\n","protected":false},"author":1,"featured_media":1086,"comment_status":"open","ping_status":"open","sticky":false,"template":"elementor_header_footer","format":"standard","meta":[],"categories":[2],"tags":[],"_links":{"self":[{"href":"https:\/\/difusionsivi.ufro.cl\/index.php?rest_route=\/wp\/v2\/posts\/1084"}],"collection":[{"href":"https:\/\/difusionsivi.ufro.cl\/index.php?rest_route=\/wp\/v2\/posts"}],"about":[{"href":"https:\/\/difusionsivi.ufro.cl\/index.php?rest_route=\/wp\/v2\/types\/post"}],"author":[{"embeddable":true,"href":"https:\/\/difusionsivi.ufro.cl\/index.php?rest_route=\/wp\/v2\/users\/1"}],"replies":[{"embeddable":true,"href":"https:\/\/difusionsivi.ufro.cl\/index.php?rest_route=%2Fwp%2Fv2%2Fcomments&post=1084"}],"version-history":[{"count":18,"href":"https:\/\/difusionsivi.ufro.cl\/index.php?rest_route=\/wp\/v2\/posts\/1084\/revisions"}],"predecessor-version":[{"id":1104,"href":"https:\/\/difusionsivi.ufro.cl\/index.php?rest_route=\/wp\/v2\/posts\/1084\/revisions\/1104"}],"wp:featuredmedia":[{"embeddable":true,"href":"https:\/\/difusionsivi.ufro.cl\/index.php?rest_route=\/wp\/v2\/media\/1086"}],"wp:attachment":[{"href":"https:\/\/difusionsivi.ufro.cl\/index.php?rest_route=%2Fwp%2Fv2%2Fmedia&parent=1084"}],"wp:term":[{"taxonomy":"category","embeddable":true,"href":"https:\/\/difusionsivi.ufro.cl\/index.php?rest_route=%2Fwp%2Fv2%2Fcategories&post=1084"},{"taxonomy":"post_tag","embeddable":true,"href":"https:\/\/difusionsivi.ufro.cl\/index.php?rest_route=%2Fwp%2Fv2%2Ftags&post=1084"}],"curies":[{"name":"wp","href":"https:\/\/api.w.org\/{rel}","templated":true}]}}