{"id":1207,"date":"2022-03-01T12:38:20","date_gmt":"2022-03-01T15:38:20","guid":{"rendered":"https:\/\/difusionsivi.ufro.cl\/?p=1207"},"modified":"2022-03-01T12:48:50","modified_gmt":"2022-03-01T15:48:50","slug":"sivi-presenta-funcionalidades-del-proyecto-a-equipo-de-vicerrectoria-academica","status":"publish","type":"post","link":"https:\/\/difusionsivi.ufro.cl\/?p=1207","title":{"rendered":"SIVI presenta los alcances y funcionalidades del proyecto a equipo de Vicerrector\u00eda Acad\u00e9mica"},"content":{"rendered":"\t\t<div data-elementor-type=\"wp-post\" data-elementor-id=\"1207\" class=\"elementor elementor-1207\" data-elementor-settings=\"[]\">\n\t\t\t\t\t\t\t<div class=\"elementor-section-wrap\">\n\t\t\t\t\t\t\t<section class=\"elementor-section elementor-top-section elementor-element elementor-element-c32f3a2 elementor-section-height-min-height elementor-section-boxed elementor-section-height-default elementor-section-items-middle\" data-id=\"c32f3a2\" data-element_type=\"section\">\n\t\t\t\t\t\t<div class=\"elementor-container elementor-column-gap-default\">\n\t\t\t\t\t<div class=\"elementor-column elementor-col-100 elementor-top-column elementor-element elementor-element-7c2df60\" data-id=\"7c2df60\" data-element_type=\"column\">\n\t\t\t<div class=\"elementor-widget-wrap\">\n\t\t\t\t\t\t\t\t\t<\/div>\n\t\t<\/div>\n\t\t\t\t\t\t\t<\/div>\n\t\t<\/section>\n\t\t\t\t<section class=\"elementor-section elementor-top-section elementor-element elementor-element-dced1fd elementor-section-height-min-height elementor-section-boxed elementor-section-height-default elementor-section-items-middle\" data-id=\"dced1fd\" data-element_type=\"section\">\n\t\t\t\t\t\t<div class=\"elementor-container elementor-column-gap-no\">\n\t\t\t\t\t<div class=\"elementor-column elementor-col-100 elementor-top-column elementor-element elementor-element-a6ca26b\" data-id=\"a6ca26b\" data-element_type=\"column\">\n\t\t\t<div class=\"elementor-widget-wrap elementor-element-populated\">\n\t\t\t\t\t\t\t\t<div class=\"elementor-element elementor-element-1938f2c elementor-widget elementor-widget-image\" data-id=\"1938f2c\" data-element_type=\"widget\" data-widget_type=\"image.default\">\n\t\t\t\t<div class=\"elementor-widget-container\">\n\t\t\t\t\t\t\t\t\t\t\t\t\t\t\t\t<a href=\"https:\/\/difusionsivi.ufro.cl\/wp-content\/uploads\/2022\/03\/FOTOVAR-scaled.jpg\" data-elementor-open-lightbox=\"yes\" data-elementor-lightbox-title=\"FOTOVAR\">\n\t\t\t\t\t\t\t<img width=\"768\" height=\"576\" src=\"https:\/\/difusionsivi.ufro.cl\/wp-content\/uploads\/2022\/03\/FOTOVAR-768x576.jpg\" class=\"attachment-medium_large size-medium_large\" alt=\"\" loading=\"lazy\" srcset=\"https:\/\/difusionsivi.ufro.cl\/wp-content\/uploads\/2022\/03\/FOTOVAR-768x576.jpg 768w, https:\/\/difusionsivi.ufro.cl\/wp-content\/uploads\/2022\/03\/FOTOVAR-300x225.jpg 300w, https:\/\/difusionsivi.ufro.cl\/wp-content\/uploads\/2022\/03\/FOTOVAR-1024x768.jpg 1024w, https:\/\/difusionsivi.ufro.cl\/wp-content\/uploads\/2022\/03\/FOTOVAR-1536x1152.jpg 1536w, https:\/\/difusionsivi.ufro.cl\/wp-content\/uploads\/2022\/03\/FOTOVAR-2048x1536.jpg 2048w\" sizes=\"(max-width: 768px) 100vw, 768px\" \/>\t\t\t\t\t\t\t\t<\/a>\n\t\t\t\t\t\t\t\t\t\t\t\t\t\t\t<\/div>\n\t\t\t\t<\/div>\n\t\t\t\t\t<\/div>\n\t\t<\/div>\n\t\t\t\t\t\t\t<\/div>\n\t\t<\/section>\n\t\t\t\t<section class=\"elementor-section elementor-top-section elementor-element elementor-element-1432bae elementor-section-boxed elementor-section-height-default elementor-section-height-default\" data-id=\"1432bae\" data-element_type=\"section\">\n\t\t\t\t\t\t<div class=\"elementor-container elementor-column-gap-default\">\n\t\t\t\t\t<div class=\"elementor-column elementor-col-100 elementor-top-column elementor-element elementor-element-48ca3ba\" data-id=\"48ca3ba\" data-element_type=\"column\">\n\t\t\t<div class=\"elementor-widget-wrap elementor-element-populated\">\n\t\t\t\t\t\t\t\t<div class=\"elementor-element elementor-element-f4d2a9d elementor-widget elementor-widget-text-editor\" data-id=\"f4d2a9d\" data-element_type=\"widget\" data-widget_type=\"text-editor.default\">\n\t\t\t\t<div class=\"elementor-widget-container\">\n\t\t\t\t\t\t\t\t\t\t\t\t\t<\/div>\n\t\t\t\t<\/div>\n\t\t\t\t\t<\/div>\n\t\t<\/div>\n\t\t\t\t\t\t\t<\/div>\n\t\t<\/section>\n\t\t\t\t<section class=\"elementor-section elementor-top-section elementor-element elementor-element-4f3301e elementor-section-boxed elementor-section-height-default elementor-section-height-default\" data-id=\"4f3301e\" data-element_type=\"section\">\n\t\t\t\t\t\t<div class=\"elementor-container elementor-column-gap-default\">\n\t\t\t\t\t<div class=\"elementor-column elementor-col-100 elementor-top-column elementor-element elementor-element-1f01489\" data-id=\"1f01489\" data-element_type=\"column\">\n\t\t\t<div class=\"elementor-widget-wrap elementor-element-populated\">\n\t\t\t\t\t\t\t\t<div class=\"elementor-element elementor-element-a73909e elementor-widget elementor-widget-text-editor\" data-id=\"a73909e\" data-element_type=\"widget\" data-widget_type=\"text-editor.default\">\n\t\t\t\t<div class=\"elementor-widget-container\">\n\t\t\t\t\t\t\t<p><br><\/p>\n<p><span lang=\"ES\">Con la finalidad de mostrar los efectos tanto internos como externos que implicar\u00e1 la implementaci\u00f3n del proyecto SIVI en el centro de estudios de educaci\u00f3n superior, integrantes del proyecto Sistema Inform\u00e1tico de Vinculaci\u00f3n con el Medio, se reunieron con los directores y directoras de las distintas unidades dependientes de Vicerrector\u00eda Acad\u00e9mica, para explicar las funcionalidades que entregar\u00e1 iniciativa inform\u00e1tica y de comunicaci\u00f3n bidireccional institucional. <\/span><\/p>\n<p><span lang=\"ES\">Ricardo Medina, ingeniero Coordinador del proyecto SIVI menciona respecto de la reuni\u00f3n \u201cEs relevante que directivos tengan conocimiento del alcance del proyecto, para que puedan retroalimentarlo y potenciarlo, sobre todo en lo que va a ser la ejecuci\u00f3n final de cada uno de sus m\u00f3dulos\u201d<\/span><\/p>\n<p><span lang=\"ES\">SIVI entregar\u00e1 en el mes de marzo el primer prototipo en el que se digitalizar\u00e1 toda la oferta de Formaci\u00f3n Continua, desde el dise\u00f1o de un programa hasta su gesti\u00f3n. Mejorando el acceso y modernizando digitalmente los cursos, posgrados, post\u00edtulos a trav\u00e9s de una plataforma de dise\u00f1o llamativo y amigable.<\/span><\/p>\n<p><span lang=\"ES\">Plataforma SIVI tiene entre sus objetivos mejorar el flujo comunicativo entre la universidad y su entorno y permitir a estudiantes, funcionarios y acad\u00e9micos identificar la Vinculaci\u00f3n con el Medio que se hace en toda la universidad aprovechando las ventajas de lo digital y el co-dise\u00f1o interno entre el proyecto y la Direcci\u00f3n de Inform\u00e1tica, DINFO.<\/span><\/p>\n<p><span lang=\"ES\">En la oportunidad tambi\u00e9n la Directora de VcM Dra. Paola Olave Muller, manifest\u00f3 a los presentes, que SIVI se enmarca en la nueva concepci\u00f3n de Vinculaci\u00f3n con el Medio, entendida m\u00e1s all\u00e1 de la extensi\u00f3n acad\u00e9mica. Ahora efectivamente la universidad debe jugar un rol clave en el desarrollo social, y SIVI entonces llega a ser una herramienta facilitadora de procesos y una plataforma colaborativa con el entorno.<\/span><\/p>\n<p><span lang=\"ES\">Leyla Vera \u00c1lvarez, Directora de comunicaciones de la Universidad de La Frontera, expres\u00f3 en la ocasi\u00f3n<\/span><\/p>\n<p><span lang=\"ES\">\u201cEste es un proyecto largamente esperado, muy necesario. He quedado impresionada de las cosas que vamos a poder proyectar y porque no, tambi\u00e9n cumplir el sue\u00f1o de la bidireccionalidad. Nos permitir\u00e1 dejar en evidencia las acciones que se desarrollan en la universidad y que van configurando estas relaciones con el entorno que est\u00e1 definida incluso por la nueva ley de universidad. Creo que estamos frente a un proyecto realmente transformador\u201d<\/span><\/p>\n<p><\/p>\n<p><span lang=\"ES\">Por su parte, Pamela Leal Rojas, Directora de Calidad indic\u00f3 \u201cEste proyecto viene a fortalecer por sobretodo la vinculaci\u00f3n con el medio como nueva dimensi\u00f3n de acreditaci\u00f3n, poder contar con la sistematizaci\u00f3n de todo lo que la universidad hace y poder evidenciar el efecto de la vinculaci\u00f3n con el medio en los distintos actores internos como externos va a ser muy potente para la pr\u00f3xima acreditaci\u00f3n. Y como acad\u00e9micos es una herramienta que la est\u00e1bamos esperando hace mucho tiempo porque todos tenemos vinculaci\u00f3n con el medio\u201d<\/span><\/p>\t\t\t\t\t\t<\/div>\n\t\t\t\t<\/div>\n\t\t\t\t\t<\/div>\n\t\t<\/div>\n\t\t\t\t\t\t\t<\/div>\n\t\t<\/section>\n\t\t\t\t\t\t<\/div>\n\t\t\t\t\t<\/div>\n\t\t","protected":false},"excerpt":{"rendered":"<p>Con la finalidad de mostrar los efectos tanto internos como externos que implicar\u00e1 la implementaci\u00f3n del proyecto SIVI en el centro de estudios de educaci\u00f3n superior, integrantes del proyecto Sistema Inform\u00e1tico de Vinculaci\u00f3n con el Medio, se reunieron con los directores y directoras de las distintas unidades dependientes de Vicerrector\u00eda Acad\u00e9mica, para explicar las funcionalidades [&hellip;]<\/p>\n","protected":false},"author":1,"featured_media":1208,"comment_status":"open","ping_status":"open","sticky":false,"template":"elementor_header_footer","format":"standard","meta":[],"categories":[2],"tags":[],"_links":{"self":[{"href":"https:\/\/difusionsivi.ufro.cl\/index.php?rest_route=\/wp\/v2\/posts\/1207"}],"collection":[{"href":"https:\/\/difusionsivi.ufro.cl\/index.php?rest_route=\/wp\/v2\/posts"}],"about":[{"href":"https:\/\/difusionsivi.ufro.cl\/index.php?rest_route=\/wp\/v2\/types\/post"}],"author":[{"embeddable":true,"href":"https:\/\/difusionsivi.ufro.cl\/index.php?rest_route=\/wp\/v2\/users\/1"}],"replies":[{"embeddable":true,"href":"https:\/\/difusionsivi.ufro.cl\/index.php?rest_route=%2Fwp%2Fv2%2Fcomments&post=1207"}],"version-history":[{"count":10,"href":"https:\/\/difusionsivi.ufro.cl\/index.php?rest_route=\/wp\/v2\/posts\/1207\/revisions"}],"predecessor-version":[{"id":1218,"href":"https:\/\/difusionsivi.ufro.cl\/index.php?rest_route=\/wp\/v2\/posts\/1207\/revisions\/1218"}],"wp:featuredmedia":[{"embeddable":true,"href":"https:\/\/difusionsivi.ufro.cl\/index.php?rest_route=\/wp\/v2\/media\/1208"}],"wp:attachment":[{"href":"https:\/\/difusionsivi.ufro.cl\/index.php?rest_route=%2Fwp%2Fv2%2Fmedia&parent=1207"}],"wp:term":[{"taxonomy":"category","embeddable":true,"href":"https:\/\/difusionsivi.ufro.cl\/index.php?rest_route=%2Fwp%2Fv2%2Fcategories&post=1207"},{"taxonomy":"post_tag","embeddable":true,"href":"https:\/\/difusionsivi.ufro.cl\/index.php?rest_route=%2Fwp%2Fv2%2Ftags&post=1207"}],"curies":[{"name":"wp","href":"https:\/\/api.w.org\/{rel}","templated":true}]}}