{"id":848,"date":"2021-12-01T16:31:06","date_gmt":"2021-12-01T19:31:06","guid":{"rendered":"https:\/\/difusionsivi.ufro.cl\/?p=848"},"modified":"2022-01-12T13:58:16","modified_gmt":"2022-01-12T16:58:16","slug":"lanzamiento-pagina-web-sivi","status":"publish","type":"post","link":"https:\/\/difusionsivi.ufro.cl\/?p=848","title":{"rendered":"Lanzamiento p\u00e1gina web SIVI"},"content":{"rendered":"\t\t<div data-elementor-type=\"wp-post\" data-elementor-id=\"848\" class=\"elementor elementor-848\" data-elementor-settings=\"[]\">\n\t\t\t\t\t\t\t<div class=\"elementor-section-wrap\">\n\t\t\t\t\t\t\t<section class=\"elementor-section elementor-top-section elementor-element elementor-element-c32f3a2 elementor-section-height-min-height elementor-section-boxed elementor-section-height-default elementor-section-items-middle\" data-id=\"c32f3a2\" data-element_type=\"section\">\n\t\t\t\t\t\t<div class=\"elementor-container elementor-column-gap-default\">\n\t\t\t\t\t<div class=\"elementor-column elementor-col-100 elementor-top-column elementor-element elementor-element-7c2df60\" data-id=\"7c2df60\" data-element_type=\"column\">\n\t\t\t<div class=\"elementor-widget-wrap\">\n\t\t\t\t\t\t\t\t\t<\/div>\n\t\t<\/div>\n\t\t\t\t\t\t\t<\/div>\n\t\t<\/section>\n\t\t\t\t<section class=\"elementor-section elementor-top-section elementor-element elementor-element-dced1fd elementor-section-full_width elementor-section-height-min-height elementor-section-height-default elementor-section-items-middle\" data-id=\"dced1fd\" data-element_type=\"section\">\n\t\t\t\t\t\t<div class=\"elementor-container elementor-column-gap-no\">\n\t\t\t\t\t<div class=\"elementor-column elementor-col-100 elementor-top-column elementor-element elementor-element-a6ca26b\" data-id=\"a6ca26b\" data-element_type=\"column\">\n\t\t\t<div class=\"elementor-widget-wrap elementor-element-populated\">\n\t\t\t\t\t\t\t\t<div class=\"elementor-element elementor-element-1938f2c elementor-widget elementor-widget-image\" data-id=\"1938f2c\" data-element_type=\"widget\" data-widget_type=\"image.default\">\n\t\t\t\t<div class=\"elementor-widget-container\">\n\t\t\t\t\t\t\t\t\t\t\t\t\t\t\t<img width=\"300\" height=\"267\" src=\"https:\/\/difusionsivi.ufro.cl\/wp-content\/uploads\/2021\/12\/senora-300x267.jpg\" class=\"attachment-medium size-medium\" alt=\"\" loading=\"lazy\" srcset=\"https:\/\/difusionsivi.ufro.cl\/wp-content\/uploads\/2021\/12\/senora-300x267.jpg 300w, https:\/\/difusionsivi.ufro.cl\/wp-content\/uploads\/2021\/12\/senora-1024x911.jpg 1024w, https:\/\/difusionsivi.ufro.cl\/wp-content\/uploads\/2021\/12\/senora-768x683.jpg 768w, https:\/\/difusionsivi.ufro.cl\/wp-content\/uploads\/2021\/12\/senora.jpg 1280w\" sizes=\"(max-width: 300px) 100vw, 300px\" \/>\t\t\t\t\t\t\t\t\t\t\t\t\t\t\t<\/div>\n\t\t\t\t<\/div>\n\t\t\t\t\t<\/div>\n\t\t<\/div>\n\t\t\t\t\t\t\t<\/div>\n\t\t<\/section>\n\t\t\t\t<section class=\"elementor-section elementor-top-section elementor-element elementor-element-1432bae elementor-section-boxed elementor-section-height-default elementor-section-height-default\" data-id=\"1432bae\" data-element_type=\"section\">\n\t\t\t\t\t\t<div class=\"elementor-container elementor-column-gap-default\">\n\t\t\t\t\t<div class=\"elementor-column elementor-col-100 elementor-top-column elementor-element elementor-element-48ca3ba\" data-id=\"48ca3ba\" data-element_type=\"column\">\n\t\t\t<div class=\"elementor-widget-wrap elementor-element-populated\">\n\t\t\t\t\t\t\t\t<div class=\"elementor-element elementor-element-f4d2a9d elementor-widget elementor-widget-text-editor\" data-id=\"f4d2a9d\" data-element_type=\"widget\" data-widget_type=\"text-editor.default\">\n\t\t\t\t<div class=\"elementor-widget-container\">\n\t\t\t\t\t\t\t<p class=\"MsoNormal\" style=\"text-align:justify\"><b><span lang=\"ES\" style=\"font-family:&quot;Arial&quot;,sans-serif;mso-ansi-language: ES\">Proyecto SIVI estrena su p\u00e1gina web&nbsp;<\/span><\/b><\/p>\t\t\t\t\t\t<\/div>\n\t\t\t\t<\/div>\n\t\t\t\t\t<\/div>\n\t\t<\/div>\n\t\t\t\t\t\t\t<\/div>\n\t\t<\/section>\n\t\t\t\t<section class=\"elementor-section elementor-top-section elementor-element elementor-element-4f3301e elementor-section-boxed elementor-section-height-default elementor-section-height-default\" data-id=\"4f3301e\" data-element_type=\"section\">\n\t\t\t\t\t\t<div class=\"elementor-container elementor-column-gap-default\">\n\t\t\t\t\t<div class=\"elementor-column elementor-col-100 elementor-top-column elementor-element elementor-element-1f01489\" data-id=\"1f01489\" data-element_type=\"column\">\n\t\t\t<div class=\"elementor-widget-wrap elementor-element-populated\">\n\t\t\t\t\t\t\t\t<div class=\"elementor-element elementor-element-a73909e elementor-widget elementor-widget-text-editor\" data-id=\"a73909e\" data-element_type=\"widget\" data-widget_type=\"text-editor.default\">\n\t\t\t\t<div class=\"elementor-widget-container\">\n\t\t\t\t\t\t\t<p class=\"MsoNormal\" style=\"text-align: justify;\"><i><span lang=\"ES\" style=\"font-family: 'Arial',sans-serif; mso-ansi-language: ES;\">Como una forma de acercar y difundir las implicancias y relevancia de la plataforma inform\u00e1tica de gesti\u00f3n de Vinculaci\u00f3n con el Medio UFRO, se lanza hoy su p\u00e1gina web, que presenta una estructura din\u00e1mica, colorida, con la informaci\u00f3n principal de la iniciativa, en la que se presentan enlaces y registros de suma utilidad, y \u00e9ste se transforma en un espacio donde se podr\u00e1 conocer m\u00e1s acerca del proyecto SIVI<\/span><\/i><\/p><p class=\"MsoNormal\" style=\"text-align: justify;\"><b><span lang=\"ES\" style=\"font-family: 'Arial',sans-serif; mso-ansi-language: ES;\">Sistema Inform\u00e1tico de Vinculaci\u00f3n (SIVI)<\/span><\/b><\/p><p class=\"MsoNormal\" style=\"text-align: justify;\"><span lang=\"ES\" style=\"font-family: 'Arial',sans-serif; mso-ansi-language: ES;\">Teniendo como base la importancia de mejorar los procesos de comunicaci\u00f3n con el entorno, y la mejora continua en el quehacer universitario, hoy \u00a0se presenta una p\u00e1gina con nuevas funcionalidades y de dise\u00f1o \u00e1gil y moderno; que es el reflejo del proyecto que inicio en octubre de 2020, y que expone por primera vez lo que han significado las arduas horas de trabajo de un equipo multidisciplinario, que ejecuta sus labores bajo el alero de la Direcci\u00f3n de Vinculaci\u00f3n con el Medio (VcM)y que cuenta con el financiamiento del MINEDUC.<\/span><\/p><p class=\"MsoNormal\" style=\"text-align: justify;\"><span lang=\"ES\" style=\"font-family: 'Arial',sans-serif; mso-ansi-language: ES;\">A la vanguardia de los procesos digitales, y como el <\/span><span style=\"font-family: Arial, sans-serif; color: #222222; background-image: initial; background-position: initial; background-size: initial; background-repeat: initial; background-attachment: initial; background-origin: initial; background-clip: initial;\">hacer universidad no es solo formar profesionales, sino que tambi\u00e9n implica aportar a la regi\u00f3n en todos los \u00e1mbitos posibles; \u00a0donde la funci\u00f3n basal de la Direcci\u00f3n de VcM UFRO, es cumplir un rol fundamental en la generaci\u00f3n y transferencia de conocimientos y en la b\u00fasqueda de crear repercusiones positivas y bienestar en la comunidad, el proyecto SIVI viene a aportar en estas dimensiones de acci\u00f3n. La p\u00e1gina nos acerca a conocer que funcionalidades cumplir\u00e1 SIVI, entre ellas <\/span><span lang=\"ES\" style=\"font-family: 'Arial',sans-serif; mso-ansi-language: ES;\">administrar, recuperar, procesar, almacenar, una mayor eficiencia en la correlaci\u00f3n de datos, mantenimiento autom\u00e1tico de registros. Y sin duda lo m\u00e1s importante es que pretende ser un puente que permita un f\u00e1cil acceso entre la Universidad, las organizaciones y la comunidad en general.<\/span><\/p><p class=\"MsoNormal\" style=\"text-align: justify;\"><b><span lang=\"ES\" style=\"font-family: 'Arial',sans-serif; mso-ansi-language: ES;\">Sistema de Interacci\u00f3n directa con la comunidad. <\/span><\/b><\/p><p class=\"MsoNormal\" style=\"text-align: justify;\"><span lang=\"ES\" style=\"font-family: 'Arial',sans-serif; mso-ansi-language: ES;\">Destacar que para dar vida al proyecto SIVI actualmente trabajan en \u00e9l, 9 profesionales desde diversas \u00e1reas del saber: Ingenieros inform\u00e1ticos, ingenieros industriales, dise\u00f1ador, quienes en<\/span><span style=\"font-family: Arial, sans-serif; color: #222222; background-image: initial; background-position: initial; background-size: initial; background-repeat: initial; background-attachment: initial; background-origin: initial; background-clip: initial;\"> conjunto con la Direcci\u00f3n de Inform\u00e1tica de la UFRO (DINFO) actualmente construyen SIVI, un sistema capaz de medir las diversas acciones de Vinculaci\u00f3n, ya sean \u00e9stas en el \u00e1rea de investigaci\u00f3n, formaci\u00f3n<\/span> <span style=\"font-family: Arial, sans-serif; color: #222222; background-image: initial; background-position: initial; background-size: initial; background-repeat: initial; background-attachment: initial; background-origin: initial; background-clip: initial;\">continua, arte, deportes, cultura, ciencia. Entre las nuevas herramientas que ofrece el proyecto tecnol\u00f3gico, a la gesti\u00f3n de Vinculaci\u00f3n con el Medio y la Universidad en general, es que<\/span><span lang=\"ES\" style=\"font-family: 'Arial',sans-serif; mso-ansi-language: ES;\"> permitir\u00e1 acceder a toda la oferta de cursos de formaci\u00f3n continua, presenta una ticketera de eventos, acceso a descargas de certificados, a proyectos, difusi\u00f3n de actividades, solicitud de pr\u00e1cticas y desarrollo colaborativo, entre otros.<\/span><\/p><p>\u00a0<\/p><p class=\"MsoNormal\" style=\"text-align: justify;\"><span lang=\"ES\" style=\"font-family: 'Arial',sans-serif; mso-ansi-language: ES;\">Todo esto, se enmarca en un plan de digitalizaci\u00f3n de la UFRO y muestra una soluci\u00f3n innovadora a las demandas tecnol\u00f3gicas actuales. Y llega a integrarse a otros sistemas similares dentro de la Instituci\u00f3n de Educaci\u00f3n Superior Regional. Tambi\u00e9n es importante destacar que a la plataforma podr\u00e1n acceder tanto funcionarios UFRO como p\u00fablico externo y comunidad en general, y cuyos resultados sin duda, servir\u00e1n tambi\u00e9n a instituciones p\u00fablicas, como privadas.<\/span><\/p>\t\t\t\t\t\t<\/div>\n\t\t\t\t<\/div>\n\t\t\t\t\t<\/div>\n\t\t<\/div>\n\t\t\t\t\t\t\t<\/div>\n\t\t<\/section>\n\t\t\t\t\t\t<\/div>\n\t\t\t\t\t<\/div>\n\t\t","protected":false},"excerpt":{"rendered":"<p>Proyecto SIVI estrena su p\u00e1gina web&nbsp; Como una forma de acercar y difundir las implicancias y relevancia de la plataforma inform\u00e1tica de gesti\u00f3n de Vinculaci\u00f3n con el Medio UFRO, se lanza hoy su p\u00e1gina web, que presenta una estructura din\u00e1mica, colorida, con la informaci\u00f3n principal de la iniciativa, en la que se presentan enlaces y [&hellip;]<\/p>\n","protected":false},"author":1,"featured_media":1041,"comment_status":"open","ping_status":"open","sticky":false,"template":"elementor_header_footer","format":"standard","meta":[],"categories":[2],"tags":[],"_links":{"self":[{"href":"https:\/\/difusionsivi.ufro.cl\/index.php?rest_route=\/wp\/v2\/posts\/848"}],"collection":[{"href":"https:\/\/difusionsivi.ufro.cl\/index.php?rest_route=\/wp\/v2\/posts"}],"about":[{"href":"https:\/\/difusionsivi.ufro.cl\/index.php?rest_route=\/wp\/v2\/types\/post"}],"author":[{"embeddable":true,"href":"https:\/\/difusionsivi.ufro.cl\/index.php?rest_route=\/wp\/v2\/users\/1"}],"replies":[{"embeddable":true,"href":"https:\/\/difusionsivi.ufro.cl\/index.php?rest_route=%2Fwp%2Fv2%2Fcomments&post=848"}],"version-history":[{"count":22,"href":"https:\/\/difusionsivi.ufro.cl\/index.php?rest_route=\/wp\/v2\/posts\/848\/revisions"}],"predecessor-version":[{"id":1108,"href":"https:\/\/difusionsivi.ufro.cl\/index.php?rest_route=\/wp\/v2\/posts\/848\/revisions\/1108"}],"wp:featuredmedia":[{"embeddable":true,"href":"https:\/\/difusionsivi.ufro.cl\/index.php?rest_route=\/wp\/v2\/media\/1041"}],"wp:attachment":[{"href":"https:\/\/difusionsivi.ufro.cl\/index.php?rest_route=%2Fwp%2Fv2%2Fmedia&parent=848"}],"wp:term":[{"taxonomy":"category","embeddable":true,"href":"https:\/\/difusionsivi.ufro.cl\/index.php?rest_route=%2Fwp%2Fv2%2Fcategories&post=848"},{"taxonomy":"post_tag","embeddable":true,"href":"https:\/\/difusionsivi.ufro.cl\/index.php?rest_route=%2Fwp%2Fv2%2Ftags&post=848"}],"curies":[{"name":"wp","href":"https:\/\/api.w.org\/{rel}","templated":true}]}}